{"id":47,"date":"2021-07-05T12:57:22","date_gmt":"2021-07-05T10:57:22","guid":{"rendered":"https:\/\/anwalt-rasehorn.de\/news\/?p=47"},"modified":"2023-12-23T13:34:11","modified_gmt":"2023-12-23T12:34:11","slug":"newsletter-zum-arbeitsrecht-juli-2021","status":"publish","type":"post","link":"https:\/\/anwaltkw.de\/news\/?p=47","title":{"rendered":"Newsletter zum Arbeitsrecht Juli 2021"},"content":{"rendered":"<p>1.\tK\u00fcssen beendet das Arbeitsverh\u00e4ltnis<\/p>\n<p>Ein m\u00e4nnlicher Mitarbeiter versuchte mehrfach auf einer Teamklausur seiner Kollegin n\u00e4her zu kommen. Auf Bitten anderer Mitarbeiter davon Abstand zu nehmen, h\u00f6rte der Mitarbeiter nicht. Vielmehr folgte er ihr von der Hotelbar bis zu ihrer Zimmert\u00fcr des Hotels und dr\u00e4ngte ihr einen Kuss auf. Damit verletzte der Mitarbeiter seine Arbeitnehmerpflichten in erheblicher Weise. Die daraufhin erfolgte fristlose K\u00fcndigung wurde gerichtlich best\u00e4tigt, vgl. Landesarbeitsgericht K\u00f6ln, Urteil vom 01. April 2021 &#8211; 8 Sa 798\/20.<\/p>\n<p>2.\tFrage nach Impfstatus zul\u00e4ssig?<\/p>\n<p>Grunds\u00e4tzlich sind die Gesundheitsdaten und die Frage nach \u00e4rztlichen Behandlungen und auch Impfungen Privatsache, insoweit handelt es sich um sch\u00fctzenswerte Gesundheitsdaten im Sinne der Datenschutzgrundverordnung (DSGVO). Eine Ausnahme bedarf also einer Erforderlichkeit und\/oder Regelung. Diese bestehen beispielsweise im Gesundheitswesen, aber auch im Bereich der Seniorenheime und Pflegeeinrichtungen. F\u00fcr diese Branchen hat das Infektionsschutzgesetz geregelt, dass eine Frage nach dem Impfstatus zul\u00e4ssig ist. Im \u00dcbrigen w\u00e4re die Frage nach dem Impfstatus mithin weiterhin nur zul\u00e4ssig, wenn diese f\u00fcr die Erf\u00fcllung der dem Arbeitgeber auferleg-ten Arbeitsschutzma\u00dfnahmen notwendig ist.<\/p>\n<p>3.\tVersetzung bei Maskenstreit<\/p>\n<p>In diesem Fall war eine Mitarbeiterin in einem Krankenhaus besch\u00e4ftigt und zwar auf einer sog. Corona-Station. Hier war das unbedingte und dauerhafte Tragen von FFP2-Masken angeordnet. Das Krankenhaus bot alle 120 Minuten eine Maskenpause an. Die Mitarbeiterin bestand auf einer Pause von jeweils 30 Minuten nach 75 Minuten Arbeit. Dem vermochte das Krankenhaus nicht nachzukommen und hat die Kl\u00e4gerin auf eine andere Station versetzt. Die Klage gegen die Verset-zung hatte in erster Instanz keinen Erfolg, vgl. ArbG Herne vom 06.05.2021 &#8211; 4 Ca 2437\/20.<\/p>\n<p>4.\tK\u00fcndigungsschutz bei aufgeteilter Elternzeit<\/p>\n<p>Elternzeit muss nicht zusammenh\u00e4ngend genommen werden, diese kann auch auf verschiedene Zeitabschnitte aufgeteilt werden. In diesem Fall beantragte der Mitarbeiter Elternzeit f\u00fcr einen Zeit-raum 2019 und einen weiteren Zeitabschnitt f\u00fcr den Zeitraum 26.04.2020 bis 25.05.2020. Der Ar-beitgeber erkl\u00e4rte die K\u00fcndigung des Arbeitsverh\u00e4ltnisses vor dem zweiten Elternzeitabschnitt. Das Landesarbeitsgericht erachtete die K\u00fcndigung nach \u00a7 134 BGB in Verbindung mit \u00a7 18 BEEG f\u00fcr unwirksam. Das Gericht sieht den vorgreifenden 8-w\u00f6chigen K\u00fcndigungsschutz vor jedem Zeitab-schnitt der Elternzeit als gegeben an, vgl. Landesarbeitsgericht Mecklenburg-Vorpommern vom 13.04.2021 &#8211; 2 Sa 300\/20. Anders entschied noch das Landesarbeitsgericht Berlin im Urteil vom 15.12.2004 \u2013 17 Sa 1729\/04.<\/p>\n<p>Die Fachanw\u00e4lte Beate Kahl und Sven Rasehorn beraten in allen arbeitsrechtlichen Fragen und vertreten in allen arbeitsgerichtlichen Instanzen mit Erfahrungen bis zum Bundesarbeitsgericht.<\/p>\n<p>Focus Spezial &#8211; Deutschlands Top-Anw\u00e4lte<br \/>\nRechtsanwalt Sven Rasehorn z\u00e4hlte f\u00fcr die Redaktion des Magazins Focus auf Basis<br \/>\neiner unabh\u00e4ngigen Datenerhebung wiederholt zu Deutschlands Top-Privatanw\u00e4lten im Arbeitsrecht!<\/p>\n","protected":false},"excerpt":{"rendered":"<p>1. K\u00fcssen beendet das Arbeitsverh\u00e4ltnis Ein m\u00e4nnlicher Mitarbeiter versuchte mehrfach auf einer Teamklausur seiner Kollegin n\u00e4her zu kommen. Auf Bitten anderer Mitarbeiter davon Abstand zu nehmen, h\u00f6rte der Mitarbeiter nicht. Vielmehr folgte er ihr von der Hotelbar bis zu ihrer Zimmert\u00fcr des Hotels und dr\u00e4ngte ihr einen Kuss auf. Damit verletzte der Mitarbeiter seine Arbeitnehmerpflichten [&hellip;]<\/p>\n","protected":false},"author":2,"featured_media":0,"comment_status":"open","ping_status":"open","sticky":false,"template":"","format":"standard","meta":{"footnotes":""},"categories":[1,70],"tags":[],"class_list":["post-47","post","type-post","status-publish","format-standard","hentry","category-allgemein","category-arbeitsrecht"],"_links":{"self":[{"href":"https:\/\/anwaltkw.de\/news\/wp-json\/wp\/v2\/posts\/47","targetHints":{"allow":["GET"]}}],"collection":[{"href":"https:\/\/anwaltkw.de\/news\/wp-json\/wp\/v2\/posts"}],"about":[{"href":"https:\/\/anwaltkw.de\/news\/wp-json\/wp\/v2\/types\/post"}],"author":[{"embeddable":true,"href":"https:\/\/anwaltkw.de\/news\/wp-json\/wp\/v2\/users\/2"}],"replies":[{"embeddable":true,"href":"https:\/\/anwaltkw.de\/news\/wp-json\/wp\/v2\/comments?post=47"}],"version-history":[{"count":1,"href":"https:\/\/anwaltkw.de\/news\/wp-json\/wp\/v2\/posts\/47\/revisions"}],"predecessor-version":[{"id":48,"href":"https:\/\/anwaltkw.de\/news\/wp-json\/wp\/v2\/posts\/47\/revisions\/48"}],"wp:attachment":[{"href":"https:\/\/anwaltkw.de\/news\/wp-json\/wp\/v2\/media?parent=47"}],"wp:term":[{"taxonomy":"category","embeddable":true,"href":"https:\/\/anwaltkw.de\/news\/wp-json\/wp\/v2\/categories?post=47"},{"taxonomy":"post_tag","embeddable":true,"href":"https:\/\/anwaltkw.de\/news\/wp-json\/wp\/v2\/tags?post=47"}],"curies":[{"name":"wp","href":"https:\/\/api.w.org\/{rel}","templated":true}]}}