{"id":71,"date":"2022-01-10T14:03:20","date_gmt":"2022-01-10T13:03:20","guid":{"rendered":"https:\/\/anwalt-rasehorn.de\/news\/?p=71"},"modified":"2023-12-23T13:34:10","modified_gmt":"2023-12-23T12:34:10","slug":"newsletter-zum-arbeitsrecht-januar-2022","status":"publish","type":"post","link":"https:\/\/anwaltkw.de\/news\/?p=71","title":{"rendered":"Newsletter zum Arbeitsrecht Januar 2022"},"content":{"rendered":"<p>1.\tDie erleichterten Regelungen zur Kurzarbeit gelten bis 31.03.2022<\/p>\n<p>\u2022\tDie Zahl der Besch\u00e4ftigten, die im Betrieb vom Arbeitsausfall betroffen sein m\u00fcssen, bleibt auf mindestens zehn Prozent abgesenkt;<br \/>\n\u2022\tKeine Notwendigkeit zum vorrangigen Abbau negativer Arbeitszeitsalden vor der Gew\u00e4h-rung von Kurzarbeitergeld;<br \/>\n\u2022\tAuch Leiharbeitnehmer\/innen erhalten Kurzarbeitergeld;<br \/>\n\u2022\tErstattung der Sozialversicherungsbeitr\u00e4ge in H\u00f6he von 50 Prozent an Arbeitgeber auf An-trag<\/p>\n<p>2.\tUrlaub in der Insolvenz<\/p>\n<p>Kann der Urlaub nicht mehr gew\u00e4hrt werden, so kann ein Anspruch auf Urlaubsabgeltung bei be-endeten Arbeitsverh\u00e4ltnissen bestehen. In der Insolvenz des Arbeitgebers ist ein solcher vollst\u00e4ndig als Masseverbindlichkeit zu ber\u00fccksichtigen, jedenfalls dann, wenn seitens der Insolvenzverwaltung noch Arbeitsleistungen in Anspruch genommen worden sind, BAG vom 25.11.2021 \u2013 6 AZR 94\/19.<\/p>\n<p>3.\tFristlose K\u00fcndigung des Ersatzmitgliedes des Betriebsrates wegen Krankheit<\/p>\n<p>Die fristlose K\u00fcndigung eines Ersatzmitglieds des Betriebsrates wegen h\u00e4ufiger Kurzerkrankungen ist die Ausnahme. Sofern das Ersatzmitglied ca. 2\/3 des Jahres arbeitsf\u00e4hig ist, ist eine K\u00fcndigung unwirksam, vgl. LAG Mecklenburg-Vorpommern vom 18.08.2021 \u2013 3 Sa 6\/21.<\/p>\n<p>4.\tUrlaubsk\u00fcrzung bei Kurzarbeit<\/p>\n<p>Eine Urlaubsk\u00fcrzung wegen Kurzarbeit ist nur m\u00f6glich, wenn die Kurzarbeit auch rechtlich wirksam eingef\u00fchrt worden ist, also durch Individualvereinbarung oder auf der Grundlage einer Betriebsver-einbarung, vgl. BAG vom 30.11.2021 \u2013 9 AZR 225\/21.<\/p>\n<p>5.\tWeigerung zum Schnelltest kann K\u00fcndigung rechtfertigen<\/p>\n<p>Weigert sich die Arbeitnehmerseite wiederholt die von Arbeitgeberseite angeordneten Schnelltests durchzuf\u00fchren, so kommt eine K\u00fcndigung in Betracht, wenn zuvor eine Abmahnung ausgespro-chen worden ist, vgl. Arbeitsgericht Hamburg vom 24.11.2021 \u2013 27 Ca 208\/21.<\/p>\n<p>6.\tBr\u00fcckenteilzeit nur bei Beachtung 3-monatiger Ank\u00fcndigungsfrist<\/p>\n<p>Die Br\u00fcckenteilzeit gibt die M\u00f6glichkeit nach einer begrenzten Verk\u00fcrzung der Arbeitszeit wieder zur\u00fcck zur Vollzeit zu gelangen. Dabei ist dreimonatige Ank\u00fcndigungsfrist zu beachte. Ist diese nicht eingehalten, so kann arbeitgeberseitig der Antrag abgelehnt werden, vgl. BAG vom 07.09.2021 \u2013 9 AZR 595\/20<\/p>\n<p>Die Fachanw\u00e4lte Beate Kahl und Sven Rasehorn beraten in allen arbeitsrechtlichen Fragen und vertreten in allen arbeitsgerichtlichen Instanzen mit Erfahrungen bis zum Bundesarbeitsgericht.<\/p>\n<p>Focus Spezial &#8211; Deutschlands Top-Anw\u00e4lte<br \/>\nRechtsanwalt Sven Rasehorn z\u00e4hlte f\u00fcr die Redaktion des Magazins Focus auf Basis<br \/>\neiner unabh\u00e4ngigen Datenerhebung wiederholt zu Deutschlands Top-Privatanw\u00e4lten im Arbeitsrecht!<\/p>\n","protected":false},"excerpt":{"rendered":"<p>1. Die erleichterten Regelungen zur Kurzarbeit gelten bis 31.03.2022 \u2022 Die Zahl der Besch\u00e4ftigten, die im Betrieb vom Arbeitsausfall betroffen sein m\u00fcssen, bleibt auf mindestens zehn Prozent abgesenkt; \u2022 Keine Notwendigkeit zum vorrangigen Abbau negativer Arbeitszeitsalden vor der Gew\u00e4h-rung von Kurzarbeitergeld; \u2022 Auch Leiharbeitnehmer\/innen erhalten Kurzarbeitergeld; \u2022 Erstattung der Sozialversicherungsbeitr\u00e4ge in H\u00f6he von 50 Prozent [&hellip;]<\/p>\n","protected":false},"author":2,"featured_media":0,"comment_status":"open","ping_status":"open","sticky":false,"template":"","format":"standard","meta":{"footnotes":""},"categories":[1,70],"tags":[4,2,5,3],"class_list":["post-71","post","type-post","status-publish","format-standard","hentry","category-allgemein","category-arbeitsrecht","tag-ersatzmitglied","tag-kurzarbeit","tag-schnelltest","tag-urlaub"],"_links":{"self":[{"href":"https:\/\/anwaltkw.de\/news\/wp-json\/wp\/v2\/posts\/71","targetHints":{"allow":["GET"]}}],"collection":[{"href":"https:\/\/anwaltkw.de\/news\/wp-json\/wp\/v2\/posts"}],"about":[{"href":"https:\/\/anwaltkw.de\/news\/wp-json\/wp\/v2\/types\/post"}],"author":[{"embeddable":true,"href":"https:\/\/anwaltkw.de\/news\/wp-json\/wp\/v2\/users\/2"}],"replies":[{"embeddable":true,"href":"https:\/\/anwaltkw.de\/news\/wp-json\/wp\/v2\/comments?post=71"}],"version-history":[{"count":1,"href":"https:\/\/anwaltkw.de\/news\/wp-json\/wp\/v2\/posts\/71\/revisions"}],"predecessor-version":[{"id":72,"href":"https:\/\/anwaltkw.de\/news\/wp-json\/wp\/v2\/posts\/71\/revisions\/72"}],"wp:attachment":[{"href":"https:\/\/anwaltkw.de\/news\/wp-json\/wp\/v2\/media?parent=71"}],"wp:term":[{"taxonomy":"category","embeddable":true,"href":"https:\/\/anwaltkw.de\/news\/wp-json\/wp\/v2\/categories?post=71"},{"taxonomy":"post_tag","embeddable":true,"href":"https:\/\/anwaltkw.de\/news\/wp-json\/wp\/v2\/tags?post=71"}],"curies":[{"name":"wp","href":"https:\/\/api.w.org\/{rel}","templated":true}]}}